{"id":5,"date":"2023-05-30T18:02:01","date_gmt":"2023-05-30T23:02:01","guid":{"rendered":"https:\/\/fundaciontejidosocial.org\/index.php\/2023\/05\/30\/la-importancia-de-la-proteccion-e-integracion-social-en-la-sociedad-actual\/"},"modified":"2023-05-30T18:02:01","modified_gmt":"2023-05-30T23:02:01","slug":"la-importancia-de-la-proteccion-e-integracion-social-en-la-sociedad-actual","status":"publish","type":"post","link":"https:\/\/fundaciontejidosocial.org\/index.php\/2023\/05\/30\/la-importancia-de-la-proteccion-e-integracion-social-en-la-sociedad-actual\/","title":{"rendered":"La importancia de la protecci\u00f3n e integraci\u00f3n social en la sociedad actual"},"content":{"rendered":"<h2>Introducci\u00f3n<\/h2>\n<p>En la sociedad actual, es fundamental trabajar por el bienestar de todos sus integrantes, especialmente aquellos que se encuentran en estado de vulnerabilidad. Es por ello que nuestra entidad social, creada en el a\u00f1o 2009, se encarga de la formulaci\u00f3n y ejecuci\u00f3n de programas de protecci\u00f3n e integraci\u00f3n social, con el objetivo de rescatar los derechos fundamentales de la poblaci\u00f3n en situaci\u00f3n de vulnerabilidad, promoviendo acciones que generen cambios sostenibles en su entorno y comportamiento.<\/p>\n<h2>La importancia de la protecci\u00f3n social<\/h2>\n<p>La protecci\u00f3n social es esencial para lograr una sociedad m\u00e1s justa e inclusiva. Esto implica garantizar el acceso de todos los ciudadanos a servicios b\u00e1sicos como la salud, la educaci\u00f3n, la vivienda y el empleo, entre otros. Adem\u00e1s, la protecci\u00f3n social tambi\u00e9n se enfoca en aquellos grupos que se encuentran en situaci\u00f3n de vulnerabilidad, como los ni\u00f1os, las personas mayores, las personas con discapacidad y las personas que viven en la pobreza.<\/p>\n<p>En nuestra entidad social, trabajamos no solo en la creaci\u00f3n de programas de protecci\u00f3n social, sino tambi\u00e9n en el fortalecimiento de capacidades para que las personas en situaci\u00f3n de vulnerabilidad puedan acceder a los recursos y servicios disponibles.<\/p>\n<h2>La importancia de la integraci\u00f3n social<\/h2>\n<p>La integraci\u00f3n social es un proceso que permite a todas las personas, sin importar sus diferencias, ser parte activa de la sociedad. Esto implica eliminar las barreras que impiden la participaci\u00f3n plena de algunas personas, y fomentar la inclusi\u00f3n en todos los \u00e1mbitos de la vida social.<\/p>\n<p>En nuestra entidad social, trabajamos en el fomento de la inclusi\u00f3n social a trav\u00e9s de la creaci\u00f3n de programas que promuevan la igualdad de oportunidades y la participaci\u00f3n activa de todos los ciudadanos. Adem\u00e1s, tambi\u00e9n trabajamos en la sensibilizaci\u00f3n y concientizaci\u00f3n de la sociedad sobre la importancia de la inclusi\u00f3n social y la eliminaci\u00f3n de barreras.<\/p>\n<h2>Conclusi\u00f3n<\/h2>\n<p>En resumen, la protecci\u00f3n e integraci\u00f3n social son fundamentales para lograr una sociedad m\u00e1s justa, inclusiva y equitativa. En nuestra entidad social, trabajamos d\u00eda a d\u00eda para promover programas y acciones que permitan a todas las personas, especialmente aquellas en situaci\u00f3n de vulnerabilidad, acceder a los recursos y servicios necesarios para su bienestar y promover la inclusi\u00f3n social en todos los \u00e1mbitos de la vida. \u00a1Juntos podemos hacer un cambio positivo en la sociedad!<\/p>\n","protected":false},"excerpt":{"rendered":"<p>Introducci\u00f3n En la sociedad actual, es fundamental trabajar por el bienestar de todos sus integrantes, especialmente aquellos que se encuentran en estado de vulnerabilidad. Es por ello que nuestra entidad social, creada en el a\u00f1o 2009, se encarga de la formulaci\u00f3n y ejecuci\u00f3n de programas de protecci\u00f3n e integraci\u00f3n social, con el objetivo de rescatar [&hellip;]<\/p>\n","protected":false},"author":0,"featured_media":0,"comment_status":"open","ping_status":"open","sticky":false,"template":"","format":"standard","meta":{"content-type":"","footnotes":""},"categories":[1],"tags":[],"class_list":["post-5","post","type-post","status-publish","format-standard","hentry","category-sin-categoria"],"featured_image_src":{"landsacpe":false,"list":false,"medium":false,"full":false},"_links":{"self":[{"href":"https:\/\/fundaciontejidosocial.org\/index.php\/wp-json\/wp\/v2\/posts\/5","targetHints":{"allow":["GET"]}}],"collection":[{"href":"https:\/\/fundaciontejidosocial.org\/index.php\/wp-json\/wp\/v2\/posts"}],"about":[{"href":"https:\/\/fundaciontejidosocial.org\/index.php\/wp-json\/wp\/v2\/types\/post"}],"replies":[{"embeddable":true,"href":"https:\/\/fundaciontejidosocial.org\/index.php\/wp-json\/wp\/v2\/comments?post=5"}],"version-history":[{"count":0,"href":"https:\/\/fundaciontejidosocial.org\/index.php\/wp-json\/wp\/v2\/posts\/5\/revisions"}],"wp:attachment":[{"href":"https:\/\/fundaciontejidosocial.org\/index.php\/wp-json\/wp\/v2\/media?parent=5"}],"wp:term":[{"taxonomy":"category","embeddable":true,"href":"https:\/\/fundaciontejidosocial.org\/index.php\/wp-json\/wp\/v2\/categories?post=5"},{"taxonomy":"post_tag","embeddable":true,"href":"https:\/\/fundaciontejidosocial.org\/index.php\/wp-json\/wp\/v2\/tags?post=5"}],"curies":[{"name":"wp","href":"https:\/\/api.w.org\/{rel}","templated":true}]}}